{"id":1962,"date":"2025-05-25T21:43:38","date_gmt":"2025-05-25T19:43:38","guid":{"rendered":"https:\/\/www.stl-software.de\/cms\/?p=1962"},"modified":"2025-11-28T13:59:12","modified_gmt":"2025-11-28T12:59:12","slug":"stl-gmbh-auf-der-learntec-2025-unser-groster-messeauftritt-bisher","status":"publish","type":"post","link":"https:\/\/www.stl-software.de\/cms\/stl-gmbh-auf-der-learntec-2025-unser-groster-messeauftritt-bisher\/","title":{"rendered":"STL GmbH auf der LEARNTEC 2025 \u2013 unser gr\u00f6\u00dfter Messeauftritt bisher"},"content":{"rendered":"\n[et_pb_section fb_built=&#8220;1&#8243; _builder_version=&#8220;4.20.4&#8243; _module_preset=&#8220;default&#8220; global_colors_info=&#8220;{}&#8220;][et_pb_row _builder_version=&#8220;4.27.4&#8243; _module_preset=&#8220;default&#8220; global_colors_info=&#8220;{}&#8220;][et_pb_column type=&#8220;4_4&#8243; _builder_version=&#8220;4.27.4&#8243; _module_preset=&#8220;default&#8220; global_colors_info=&#8220;{}&#8220;][et_pb_image src=&#8220;https:\/\/www.stl-software.de\/cms\/wp-content\/uploads\/sites\/2\/2025\/05\/LT_25_Logo-Datum-Ort-Nr1_en_1500x1100px_RGB.png&#8220; title_text=&#8220;LT_25_Logo-Datum-Ort-Nr1_en_1500x1100px_RGB&#8220; align=&#8220;center&#8220; _builder_version=&#8220;4.27.4&#8243; _module_preset=&#8220;default&#8220; width=&#8220;50%&#8220; hover_enabled=&#8220;0&#8243; global_colors_info=&#8220;{}&#8220; url=&#8220;https:\/\/www.learntec.de\/de\/&#8220; url_new_window=&#8220;on&#8220; sticky_enabled=&#8220;0&#8243;][\/et_pb_image][\/et_pb_column][\/et_pb_row][et_pb_row _builder_version=&#8220;4.20.4&#8243; _module_preset=&#8220;default&#8220; custom_padding=&#8220;||0px|||&#8220; global_colors_info=&#8220;{}&#8220;][et_pb_column type=&#8220;4_4&#8243; _builder_version=&#8220;4.20.4&#8243; _module_preset=&#8220;default&#8220; global_colors_info=&#8220;{}&#8220;][et_pb_text _builder_version=&#8220;4.27.4&#8243; _module_preset=&#8220;b9bb25d6-91bf-4e23-95cd-4a9e00f511ab&#8220; hover_enabled=&#8220;0&#8243; global_colors_info=&#8220;{}&#8220; sticky_enabled=&#8220;0&#8243;]<p>Die STL GmbH war auch 2025 wieder als Aussteller auf der <strong><a href=\"https:\/\/www.learntec.de\/de\/\" target=\"_blank\" rel=\"noopener\" title=\"Webseite der Learntec\">LEARNTEC<\/a> <\/strong>vom 06.05. bis 08.05.2025, der f\u00fchrenden Messe f\u00fcr digitale Bildung in Karlsruhe, vertreten \u2013 und das mit dem gr\u00f6\u00dften Stand, den wir je hatten. Zum ersten Mal haben wir unseren Messeauftritt outgesourct und gemeinsam mit der <a href=\"https:\/\/www.scheurle-messebau.de\/?gad_source=1&amp;gad_campaignid=22189186689&amp;gclid=EAIaIQobChMIi96Yg6m_jQMVApqDBx3NWwBDEAAYASAAEgKSK_D_BwE\" target=\"_blank\" rel=\"noopener\" title=\"Webseite E. Scheuerle Messebau GmbH\"><strong>E. Scheurle Messebau GmbH<\/strong><\/a> realisiert. Das Ergebnis: ein professioneller, einladender Stand, der unsere Produktlinien: <strong><a href=\"https:\/\/www.cimoio.de\/cms\/cimoio-lms-produktlinien\/produktlinie-cimoio-aero\/\" target=\"_blank\" rel=\"noopener\" title=\"Informationen \u00fcber cimoio aero\">cimoio aero<\/a>, <a href=\"https:\/\/www.cimoio.de\/cms\/cimoio-lms-produktlinien\/produktlinie-cimoio-industry\/\" target=\"_blank\" rel=\"noopener\" title=\"Informationen \u00fcber cimoio industry\">cimoio industry<\/a> und <a href=\"https:\/\/www.cimoio.de\/cms\/cimoio-lms-produktlinien\/produktlinie-cimoio-academy\/\" target=\"_blank\" rel=\"noopener\" title=\"Informationen \u00fcber cimoio academy\">cimoio academy<\/a><\/strong> perfekt in Szene gesetzt hat und gleichzeitig viel Raum f\u00fcr den pers\u00f6nlichen Austausch geboten hat. Neben den genannten Produktlinien gibt es noch<strong>: <a href=\"https:\/\/www.cimoio.de\/cms\/cimoio-lms-produktlinien\/produktlinie-cimoio-compact\/\" target=\"_blank\" rel=\"noopener\" title=\"Informationen \u00fcber cimoio compact\">cimoio compact<\/a>, <a href=\"https:\/\/www.cimoio.de\/cms\/cimoio-lms-produktlinien\/produktlinie-cimoio-custom\/\" target=\"_blank\" rel=\"noopener\" title=\"Informationen \u00fcber cimoio custom\">cimoio custom<\/a> und <a href=\"https:\/\/www.cimoio.de\/cms\/cimoio-lms-produktlinien\/produktlinie-cimoio-certify\/\" target=\"_blank\" rel=\"noopener\" title=\"Informationen \u00fcber cimoio certify\">cimoio certify<\/a><\/strong>. Jede <a href=\"https:\/\/www.cimoio.de\/cms\/cimoio-lms-produktlinien\/\" target=\"_blank\" rel=\"noopener\" title=\"Informationen \u00fcber unsere Produktlinien\">Produktlinie<\/a> ist darauf ausgelegt, die spezifischen Bed\u00fcrfnisse der Kunden zu erf\u00fcllen und Ihre Prozesse zu optimieren.<\/p>\n<p>Begleitet wurde der Stand von unserem bislang <strong>gr\u00f6\u00dften Team vor Ort<\/strong> \u2013 um allen Interessenten Zeit und Aufmerksamkeit zu schenken. Gemeinsam konnten wir zahlreiche neue Kontakte kn\u00fcpfen und viele unserer <strong>Bestandskunden<\/strong> wieder pers\u00f6nlich begr\u00fc\u00dfen.<\/p>\n<p>Mit rund <strong data-start=\"91\" data-end=\"131\">13.000 Teilnehmenden aus 40 Nationen<\/strong> war die <a href=\"https:\/\/www.learntec.de\/de\/\" target=\"_blank\" rel=\"noopener\" title=\"Informationen \u00fcber die Learntec\"><strong>LEARNTEC 2025<\/strong><\/a> ein internationaler Treffpunkt der Bildungsbranche. Etwa <strong data-start=\"211\" data-end=\"250\">40\u202f% der Besucherinnen und Besucher<\/strong> reisten \u00fcber <strong data-start=\"264\" data-end=\"281\">300 Kilometer<\/strong> an \u2013 unter anderem aus L\u00e4ndern wie \u00d6sterreich, Gro\u00dfbritannien, Frankreich und den USA. Auf <strong data-start=\"373\" data-end=\"398\">\u00fcber 350 Messest\u00e4nden<\/strong> sowie <strong data-start=\"405\" data-end=\"439\">zw\u00f6lf B\u00fchnen und Sonderfl\u00e4chen<\/strong> wurden innovative Lerntechnologien und zahlreiche Premieren pr\u00e4sentiert. Das Kongressprogramm umfasste <strong data-start=\"543\" data-end=\"574\">rund 70 Vortr\u00e4ge und Panels<\/strong> mit etwa <strong data-start=\"584\" data-end=\"600\">100 Speakern<\/strong>, darunter t\u00e4glich ein englischsprachiges Angebot. Damit best\u00e4tigte sich Karlsruhe erneut als Hotspot f\u00fcr Digitalisierung in Schule, Hochschule und beruflicher Weiterbildung.<\/p>[\/et_pb_text][\/et_pb_column][\/et_pb_row][\/et_pb_section][et_pb_section fb_built=&#8220;1&#8243; _builder_version=&#8220;4.20.4&#8243; _module_preset=&#8220;534b0480-ebfc-4f34-959c-de457c8ca269&#8243; global_colors_info=&#8220;{}&#8220;][et_pb_row _builder_version=&#8220;4.20.4&#8243; _module_preset=&#8220;default&#8220; min_height=&#8220;101.6px&#8220; custom_margin=&#8220;|auto|-29px|auto||&#8220; global_colors_info=&#8220;{}&#8220;][et_pb_column type=&#8220;4_4&#8243; _builder_version=&#8220;4.20.4&#8243; _module_preset=&#8220;default&#8220; global_colors_info=&#8220;{}&#8220;][et_pb_text _builder_version=&#8220;4.27.4&#8243; _module_preset=&#8220;default&#8220; global_colors_info=&#8220;{}&#8220;]<h3><strong>cimoio im Mittelpunkt: LMS, Trainingsmanagement &amp; Seminarverwaltung<\/strong><\/h3>[\/et_pb_text][et_pb_divider color=&#8220;#29c4a9&#8243; divider_weight=&#8220;4px&#8220; _builder_version=&#8220;4.9.10&#8243; _module_preset=&#8220;default&#8220; max_width=&#8220;40px&#8220; custom_margin=&#8220;||10px||false|false&#8220; global_module=&#8220;354&#8243; saved_tabs=&#8220;all&#8220; global_colors_info=&#8220;{}&#8220;][\/et_pb_divider][\/et_pb_column][\/et_pb_row][et_pb_row column_structure=&#8220;1_2,1_2&#8243; _builder_version=&#8220;4.27.4&#8243; _module_preset=&#8220;default&#8220; global_colors_info=&#8220;{}&#8220;][et_pb_column type=&#8220;1_2&#8243; _builder_version=&#8220;4.27.4&#8243; _module_preset=&#8220;default&#8220; global_colors_info=&#8220;{}&#8220;][et_pb_text _builder_version=&#8220;4.27.4&#8243; _module_preset=&#8220;default&#8220; global_colors_info=&#8220;{}&#8220;]<p>Viele Messeg\u00e4ste \u2013 darunter zahlreiche Bestandskunden und Interessenten \u2013 informierten sich an unserem Stand \u00fcber unser Learningmanagementsystem <strong><a href=\"https:\/\/www.cimoio.de\/cms\/\" target=\"_blank\" rel=\"noopener\" title=\"Informationen \u00fcber cimoio\">cimoio<\/a><\/strong>, welches <a href=\"\/cms\/produkte-der-stl-gmbh\/cimoio-webanwendung-fuer-trainingsmanagement\/\" title=\"TMS? LMS? oder Seminarverwaltung?\"><strong>Learningmanagement, Trainingsmanagement und Seminarverwaltung<\/strong><\/a> auf einer Plattform vereint.<\/p>\n<p>Viele Interessenten waren insbesondere aus dem <strong>Industriebereich<\/strong>, den wir seit vielen Jahren erfolgreich bedienen.<\/p>[\/et_pb_text][\/et_pb_column][et_pb_column type=&#8220;1_2&#8243; _builder_version=&#8220;4.27.4&#8243; _module_preset=&#8220;default&#8220; global_colors_info=&#8220;{}&#8220;][et_pb_image src=&#8220;https:\/\/www.stl-software.de\/cms\/wp-content\/uploads\/sites\/2\/2025\/05\/Learntec_2025_1-2.jpg&#8220; title_text=&#8220;Learntec_2025_1&#8243; _builder_version=&#8220;4.27.4&#8243; _module_preset=&#8220;default&#8220; global_colors_info=&#8220;{}&#8220;][\/et_pb_image][\/et_pb_column][\/et_pb_row][\/et_pb_section][et_pb_section fb_built=&#8220;1&#8243; _builder_version=&#8220;4.20.4&#8243; _module_preset=&#8220;default&#8220; global_colors_info=&#8220;{}&#8220;][et_pb_row _builder_version=&#8220;4.20.4&#8243; _module_preset=&#8220;default&#8220; global_colors_info=&#8220;{}&#8220;][et_pb_column type=&#8220;4_4&#8243; _builder_version=&#8220;4.20.4&#8243; _module_preset=&#8220;default&#8220; global_colors_info=&#8220;{}&#8220;][et_pb_text _builder_version=&#8220;4.27.4&#8243; _module_preset=&#8220;b9bb25d6-91bf-4e23-95cd-4a9e00f511ab&#8220; global_colors_info=&#8220;{}&#8220;]<div class=\"tw-ta-container F0azHf tw-nfl\" id=\"tw-target-text-container\">\n<h2><strong>Gro\u00dfe Nachfrage nach Ressourcenmanagement, Automatisierung und KI<\/strong><\/h2>\n<\/div>[\/et_pb_text][et_pb_divider color=&#8220;#29c4a9&#8243; divider_weight=&#8220;4px&#8220; _builder_version=&#8220;4.9.10&#8243; _module_preset=&#8220;default&#8220; max_width=&#8220;40px&#8220; custom_margin=&#8220;||10px||false|false&#8220; global_module=&#8220;354&#8243; saved_tabs=&#8220;all&#8220; global_colors_info=&#8220;{}&#8220;][\/et_pb_divider][et_pb_text _builder_version=&#8220;4.27.4&#8243; _module_preset=&#8220;b9bb25d6-91bf-4e23-95cd-4a9e00f511ab&#8220; global_colors_info=&#8220;{}&#8220;]<p>In zahlreichen Gespr\u00e4chen wurden vor allem zwei Themen immer wieder nachgefragt:<\/p>\n<ul>\n<li><strong>Ressourcenmanagement<\/strong>: Wie lassen sich interne und externe Trainer, R\u00e4ume, Materialien oder Veranstaltungsorte effizient verwalten?<\/li>\n<li><strong>Prozessautomatisierung<\/strong>: Wie kann cimoio dabei helfen, manuelle Abl\u00e4ufe zu digitalisieren und Zeit zu sparen?<\/li>\n<\/ul>\n<p><strong>Nachfragen<\/strong> gab es auch zum Thema <strong>KI-unterst\u00fctztes Lernen<\/strong>. Viele Unternehmen suchen nach Wegen, Lernprozesse intelligenter zu gestalten und wollten wissen, wie cimoio k\u00fcnftig intelligente Funktionen einbinden kann.<\/p>[\/et_pb_text][\/et_pb_column][\/et_pb_row][\/et_pb_section][et_pb_section fb_built=&#8220;1&#8243; _builder_version=&#8220;4.20.4&#8243; _module_preset=&#8220;534b0480-ebfc-4f34-959c-de457c8ca269&#8243; global_colors_info=&#8220;{}&#8220;][et_pb_row _builder_version=&#8220;4.20.4&#8243; _module_preset=&#8220;default&#8220; global_colors_info=&#8220;{}&#8220;][et_pb_column type=&#8220;4_4&#8243; _builder_version=&#8220;4.20.4&#8243; _module_preset=&#8220;default&#8220; global_colors_info=&#8220;{}&#8220;][et_pb_text _builder_version=&#8220;4.27.4&#8243; _module_preset=&#8220;default&#8220; global_colors_info=&#8220;{}&#8220;]<h3><strong>Die cimoio Produktlinien \u2013 f\u00fcr jede Branche die passende L\u00f6sung<\/strong><\/h3>[\/et_pb_text][et_pb_divider color=&#8220;#29c4a9&#8243; divider_weight=&#8220;4px&#8220; _builder_version=&#8220;4.9.10&#8243; _module_preset=&#8220;default&#8220; max_width=&#8220;40px&#8220; custom_margin=&#8220;||10px||false|false&#8220; global_module=&#8220;354&#8243; saved_tabs=&#8220;all&#8220; global_colors_info=&#8220;{}&#8220;][\/et_pb_divider][et_pb_text _builder_version=&#8220;4.27.4&#8243; _module_preset=&#8220;default&#8220; global_colors_info=&#8220;{}&#8220;]<p>Ein Highlight unseres neuen Standkonzepts war die \u00fcbersichtliche Pr\u00e4sentation der wichtigsten cimoio-Produktlinien. Das klare Wording auf dem Stand half dabei, Interessenten aus verschiedenen Branchen gezielt anzusprechen und die jeweiligen Einsatzszenarien zu erkl\u00e4ren:<\/p>\n<ul>\n<li><a href=\"https:\/\/www.cimoio.de\/cms\/cimoio-lms-produktlinien\/produktlinie-cimoio-compact\/\" target=\"_blank\" rel=\"noopener\" title=\"Informationen \u00fcber cimoio compact\">cimoio compact<\/a> \u2013 Die kompakte Einstiegsl\u00f6sung f\u00fcr KMU<\/li>\n<li><a href=\"https:\/\/www.cimoio.de\/cms\/cimoio-lms-produktlinien\/produktlinie-cimoio-certify\/\" target=\"_blank\" rel=\"noopener\" title=\"Informationen \u00fcber cimoio certify\">cimoio certify<\/a> \u2013 F\u00fcr zertifizierungs- und nachweisorientierte Trainings<\/li>\n<li><a href=\"https:\/\/www.cimoio.de\/cms\/cimoio-lms-produktlinien\/produktlinie-cimoio-aero\/\" target=\"_blank\" rel=\"noopener\" title=\"Informationen \u00fcber cimoio aero\">cimoio aero<\/a> \u2013 F\u00fcr Luftfahrtunternehmen mit reglementierten Qualifikationsanforderungen<\/li>\n<li><a href=\"https:\/\/www.cimoio.de\/cms\/cimoio-lms-produktlinien\/produktlinie-cimoio-academy\/\" target=\"_blank\" rel=\"noopener\" title=\"Informationen \u00fcber cimoio academy\">cimoio academy<\/a> \u2013 F\u00fcr interne Akademien und Weiterbildungsanbieter<\/li>\n<li><a href=\"https:\/\/www.cimoio.de\/cms\/cimoio-lms-produktlinien\/produktlinie-cimoio-industry\/\" target=\"_blank\" rel=\"noopener\" title=\"Informationen \u00fcber cimoio industry\">cimoio industry<\/a> \u2013 F\u00fcr Industrieunternehmen mit Fokus auf Produkttrainings &amp; Integration<\/li>\n<li><a href=\"https:\/\/www.cimoio.de\/cms\/cimoio-lms-produktlinien\/produktlinie-cimoio-custom\/\" target=\"_blank\" rel=\"noopener\" title=\"Informationen \u00fcber cimoio custom\">cimoio custom<\/a> \u2013 F\u00fcr besondere Veranstaltungsformate jenseits klassischer Trainings<\/li>\n<\/ul>\n<p>Diese Struktur stie\u00df auf viel Zuspruch \u2013 besonders von Besuchern, die eine klare Orientierung suchten, aber gleichzeitig Wert auf individuelle Anpassbarkeit legten.<\/p>[\/et_pb_text][\/et_pb_column][\/et_pb_row][\/et_pb_section][et_pb_section fb_built=&#8220;1&#8243; _builder_version=&#8220;4.20.4&#8243; _module_preset=&#8220;default&#8220; global_colors_info=&#8220;{}&#8220;][et_pb_row _builder_version=&#8220;4.20.4&#8243; _module_preset=&#8220;default&#8220; global_colors_info=&#8220;{}&#8220;][et_pb_column type=&#8220;4_4&#8243; _builder_version=&#8220;4.20.4&#8243; _module_preset=&#8220;default&#8220; global_colors_info=&#8220;{}&#8220;][et_pb_text _builder_version=&#8220;4.27.4&#8243; _module_preset=&#8220;b9bb25d6-91bf-4e23-95cd-4a9e00f511ab&#8220; global_colors_info=&#8220;{}&#8220;]<div class=\"tw-ta-container F0azHf tw-nfl\" id=\"tw-target-text-container\">\n<h2><strong>Viele Neuerungen in diesem Jahr<\/strong><\/h2>\n<\/div>[\/et_pb_text][et_pb_divider color=&#8220;#29c4a9&#8243; divider_weight=&#8220;4px&#8220; _builder_version=&#8220;4.9.10&#8243; _module_preset=&#8220;default&#8220; max_width=&#8220;40px&#8220; custom_margin=&#8220;||10px||false|false&#8220; global_module=&#8220;354&#8243; saved_tabs=&#8220;all&#8220; global_colors_info=&#8220;{}&#8220;][\/et_pb_divider][et_pb_text _builder_version=&#8220;4.27.4&#8243; _module_preset=&#8220;b9bb25d6-91bf-4e23-95cd-4a9e00f511ab&#8220; global_colors_info=&#8220;{}&#8220;]<ul>\n<li><strong>Standbau<\/strong> in Kooperation mit der <a href=\"https:\/\/www.scheurle-messebau.de\/?gad_source=1&amp;gad_campaignid=22189186689&amp;gclid=EAIaIQobChMIi96Yg6m_jQMVApqDBx3NWwBDEAAYASAAEgKSK_D_BwE\" target=\"_blank\" rel=\"noopener\" title=\"Webseite der E. Scheuerle Messebau GmbH\">E. Scheurle Messebau GmbH<\/a><\/li>\n<li><strong>Gr\u00f6\u00dferes Team<\/strong> vor Ort als in den Vorjahren \u2013 f\u00fcr mehr Tiefe im Kundendialog<\/li>\n<li><strong>Strukturierte Pr\u00e4sentation<\/strong> unserer Produktlinien mit kompakten \u00dcbersichten<\/li>\n<li><strong>Gezielte Ansprache<\/strong> der Besucher durch professionelles Wording und klare Branchensignale<\/li>\n<\/ul>\n<p>All das trug dazu bei, dass unser Stand ein Anziehungspunkt war \u2013 mit spannenden Gespr\u00e4chen, konkreten Projektanfragen und regem Austausch \u00fcber die Zukunft des digitalen Lernens.<\/p>[\/et_pb_text][\/et_pb_column][\/et_pb_row][\/et_pb_section][et_pb_section fb_built=&#8220;1&#8243; _builder_version=&#8220;4.20.4&#8243; _module_preset=&#8220;534b0480-ebfc-4f34-959c-de457c8ca269&#8243; global_colors_info=&#8220;{}&#8220;][et_pb_row _builder_version=&#8220;4.20.4&#8243; _module_preset=&#8220;default&#8220; global_colors_info=&#8220;{}&#8220;][et_pb_column type=&#8220;4_4&#8243; _builder_version=&#8220;4.20.4&#8243; _module_preset=&#8220;default&#8220; global_colors_info=&#8220;{}&#8220;][et_pb_text _builder_version=&#8220;4.27.4&#8243; _module_preset=&#8220;default&#8220; global_colors_info=&#8220;{}&#8220;]<h3><strong>Fazit: Ein erfolgreicher Auftritt \u2013 mit klarem Blick auf 2026<\/strong><\/h3>[\/et_pb_text][et_pb_divider color=&#8220;#29c4a9&#8243; divider_weight=&#8220;4px&#8220; _builder_version=&#8220;4.9.10&#8243; _module_preset=&#8220;default&#8220; max_width=&#8220;40px&#8220; custom_margin=&#8220;||10px||false|false&#8220; global_module=&#8220;354&#8243; saved_tabs=&#8220;all&#8220; global_colors_info=&#8220;{}&#8220;][\/et_pb_divider][et_pb_text _builder_version=&#8220;4.27.4&#8243; _module_preset=&#8220;default&#8220; global_colors_info=&#8220;{}&#8220;]<p>Die <strong><a href=\"https:\/\/www.learntec.de\/de\/\" target=\"_blank\" rel=\"noopener\" title=\"Webseite der Learntec\">LEARNTEC<\/a> 2025<\/strong> war f\u00fcr uns ein gro\u00dfer Erfolg.<\/p>\n<ul>\n<li>Zahlreiche intensive Gespr\u00e4che<\/li>\n<li>Fachlich interessierte Besucher<\/li>\n<li>Konkrete Anfragen zu cimoio und unseren Produktlinien<\/li>\n<li>Interesse an KI, Automatisierung und Ressourcensteuerung<\/li>\n<\/ul>\n<p><strong>Wir bedanken uns bei allen Besucherinnen und Besuchern f\u00fcr ihr Interesse, ihre Fragen und den wertvollen Austausch. Wir freuen uns auf ein Wiedersehen im n\u00e4chsten Jahr \u2013 und auf viele neue gemeinsame Projekte mit cimoio!<\/strong><\/p>[\/et_pb_text][\/et_pb_column][\/et_pb_row][\/et_pb_section][et_pb_section fb_built=&#8220;1&#8243; _builder_version=&#8220;4.20.4&#8243; _module_preset=&#8220;534b0480-ebfc-4f34-959c-de457c8ca269&#8243; global_colors_info=&#8220;{}&#8220;][et_pb_row _builder_version=&#8220;4.20.4&#8243; _module_preset=&#8220;default&#8220; global_colors_info=&#8220;{}&#8220;][et_pb_column type=&#8220;4_4&#8243; _builder_version=&#8220;4.20.4&#8243; _module_preset=&#8220;default&#8220; global_colors_info=&#8220;{}&#8220;][et_pb_text _builder_version=&#8220;4.27.4&#8243; _module_preset=&#8220;_initial&#8220; global_colors_info=&#8220;{}&#8220;]<div class=\"tw-ta-container F0azHf tw-nfl\" id=\"tw-target-text-container\">\n<h2>Haben Sie Fragen?<\/h2>\n<p>M\u00f6chten Sie mehr erfahren oder ein Zeitfenster mit uns reservieren? Dann nutzen Sie die Kommentarfunktion, schicken Sie uns eine Anfrage \u00fcber das <a href=\"\/cms\/kontaktformular-der-stl-gmbh\/\" title=\"Kontaktformular f\u00fcr R\u00fcckfragen\">Kontaktformular<\/a> oder direkt eine Mail.<\/p>\n<\/div>[\/et_pb_text][\/et_pb_column][\/et_pb_row][\/et_pb_section]\n","protected":false},"excerpt":{"rendered":"<p>Die STL GmbH war auch 2025 wieder als Aussteller auf der LEARNTEC vom 06.05. bis 08.05.2025, der f\u00fchrenden Messe f\u00fcr digitale Bildung in Karlsruhe, vertreten \u2013 und das mit dem gr\u00f6\u00dften Stand, den wir je hatten. Zum ersten Mal haben wir unseren Messeauftritt outgesourct und gemeinsam mit der E. Scheurle Messebau GmbH realisiert. Das Ergebnis: [&hellip;]<\/p>\n","protected":false},"author":8,"featured_media":0,"comment_status":"closed","ping_status":"open","sticky":false,"template":"","format":"standard","meta":{"_et_pb_use_builder":"on","_et_pb_old_content":"","_et_gb_content_width":"","inline_featured_image":false,"footnotes":""},"categories":[124,118],"tags":[],"class_list":["post-1962","post","type-post","status-publish","format-standard","hentry","category-learntec-de","category-messe"],"yoast_head":"<!-- This site is optimized with the Yoast SEO plugin v27.4 - https:\/\/yoast.com\/product\/yoast-seo-wordpress\/ -->\n<title>STL GmbH auf der LEARNTEC 2025 \u2013 unser gr\u00f6\u00dfter Messeauftritt bisher | STL GmbH<\/title>\n<meta name=\"description\" content=\"STL GmbH auf der LEARNTEC 2025 \u2013 unser bisher gr\u00f6\u00dfter Messeauftritt mit innovativen L\u00f6sungen rund um digitales Lernen und Bildungsmanagement.\" \/>\n<meta name=\"robots\" content=\"index, follow, max-snippet:-1, max-image-preview:large, max-video-preview:-1\" \/>\n<link rel=\"canonical\" href=\"https:\/\/www.stl-software.de\/cms\/stl-gmbh-auf-der-learntec-2025-unser-groster-messeauftritt-bisher\/\" \/>\n<meta property=\"og:locale\" content=\"de_DE\" \/>\n<meta property=\"og:type\" content=\"article\" \/>\n<meta property=\"og:title\" content=\"STL GmbH auf der LEARNTEC 2025 \u2013 unser gr\u00f6\u00dfter Messeauftritt bisher | STL GmbH\" \/>\n<meta property=\"og:description\" content=\"STL GmbH auf der LEARNTEC 2025 \u2013 unser bisher gr\u00f6\u00dfter Messeauftritt mit innovativen L\u00f6sungen rund um digitales Lernen und Bildungsmanagement.\" \/>\n<meta property=\"og:url\" content=\"https:\/\/www.stl-software.de\/cms\/stl-gmbh-auf-der-learntec-2025-unser-groster-messeauftritt-bisher\/\" \/>\n<meta property=\"og:site_name\" content=\"STL GmbH\" \/>\n<meta property=\"article:published_time\" content=\"2025-05-25T19:43:38+00:00\" \/>\n<meta property=\"article:modified_time\" content=\"2025-11-28T12:59:12+00:00\" \/>\n<meta name=\"author\" content=\"sle\" \/>\n<meta name=\"twitter:card\" content=\"summary_large_image\" \/>\n<script type=\"application\/ld+json\" class=\"yoast-schema-graph\">{\"@context\":\"https:\\\/\\\/schema.org\",\"@graph\":[{\"@type\":\"Article\",\"@id\":\"https:\\\/\\\/www.stl-software.de\\\/cms\\\/stl-gmbh-auf-der-learntec-2025-unser-groster-messeauftritt-bisher\\\/#article\",\"isPartOf\":{\"@id\":\"https:\\\/\\\/www.stl-software.de\\\/cms\\\/stl-gmbh-auf-der-learntec-2025-unser-groster-messeauftritt-bisher\\\/\"},\"author\":{\"name\":\"sle\",\"@id\":\"https:\\\/\\\/www.stl-software.de\\\/cms\\\/#\\\/schema\\\/person\\\/f6274cb0cad88003afd123366bd3a472\"},\"headline\":\"STL GmbH auf der LEARNTEC 2025 \u2013 unser gr\u00f6\u00dfter Messeauftritt bisher\",\"datePublished\":\"2025-05-25T19:43:38+00:00\",\"dateModified\":\"2025-11-28T12:59:12+00:00\",\"mainEntityOfPage\":{\"@id\":\"https:\\\/\\\/www.stl-software.de\\\/cms\\\/stl-gmbh-auf-der-learntec-2025-unser-groster-messeauftritt-bisher\\\/\"},\"wordCount\":1579,\"articleSection\":[\"Learntec\",\"Messe\"],\"inLanguage\":\"de\"},{\"@type\":\"WebPage\",\"@id\":\"https:\\\/\\\/www.stl-software.de\\\/cms\\\/stl-gmbh-auf-der-learntec-2025-unser-groster-messeauftritt-bisher\\\/\",\"url\":\"https:\\\/\\\/www.stl-software.de\\\/cms\\\/stl-gmbh-auf-der-learntec-2025-unser-groster-messeauftritt-bisher\\\/\",\"name\":\"STL GmbH auf der LEARNTEC 2025 \u2013 unser gr\u00f6\u00dfter Messeauftritt bisher | STL GmbH\",\"isPartOf\":{\"@id\":\"https:\\\/\\\/www.stl-software.de\\\/cms\\\/#website\"},\"datePublished\":\"2025-05-25T19:43:38+00:00\",\"dateModified\":\"2025-11-28T12:59:12+00:00\",\"author\":{\"@id\":\"https:\\\/\\\/www.stl-software.de\\\/cms\\\/#\\\/schema\\\/person\\\/f6274cb0cad88003afd123366bd3a472\"},\"description\":\"STL GmbH auf der LEARNTEC 2025 \u2013 unser bisher gr\u00f6\u00dfter Messeauftritt mit innovativen L\u00f6sungen rund um digitales Lernen und Bildungsmanagement.\",\"breadcrumb\":{\"@id\":\"https:\\\/\\\/www.stl-software.de\\\/cms\\\/stl-gmbh-auf-der-learntec-2025-unser-groster-messeauftritt-bisher\\\/#breadcrumb\"},\"inLanguage\":\"de\",\"potentialAction\":[{\"@type\":\"ReadAction\",\"target\":[\"https:\\\/\\\/www.stl-software.de\\\/cms\\\/stl-gmbh-auf-der-learntec-2025-unser-groster-messeauftritt-bisher\\\/\"]}]},{\"@type\":\"BreadcrumbList\",\"@id\":\"https:\\\/\\\/www.stl-software.de\\\/cms\\\/stl-gmbh-auf-der-learntec-2025-unser-groster-messeauftritt-bisher\\\/#breadcrumb\",\"itemListElement\":[{\"@type\":\"ListItem\",\"position\":1,\"name\":\"Startseite\",\"item\":\"https:\\\/\\\/www.stl-software.de\\\/cms\\\/\"},{\"@type\":\"ListItem\",\"position\":2,\"name\":\"STL GmbH auf der LEARNTEC 2025 \u2013 unser gr\u00f6\u00dfter Messeauftritt bisher\"}]},{\"@type\":\"WebSite\",\"@id\":\"https:\\\/\\\/www.stl-software.de\\\/cms\\\/#website\",\"url\":\"https:\\\/\\\/www.stl-software.de\\\/cms\\\/\",\"name\":\"STL GmbH\",\"description\":\"Die Firma, die das LMS cimoio entwickelt hat\",\"potentialAction\":[{\"@type\":\"SearchAction\",\"target\":{\"@type\":\"EntryPoint\",\"urlTemplate\":\"https:\\\/\\\/www.stl-software.de\\\/cms\\\/?s={search_term_string}\"},\"query-input\":{\"@type\":\"PropertyValueSpecification\",\"valueRequired\":true,\"valueName\":\"search_term_string\"}}],\"inLanguage\":\"de\"},{\"@type\":\"Person\",\"@id\":\"https:\\\/\\\/www.stl-software.de\\\/cms\\\/#\\\/schema\\\/person\\\/f6274cb0cad88003afd123366bd3a472\",\"name\":\"sle\",\"image\":{\"@type\":\"ImageObject\",\"inLanguage\":\"de\",\"@id\":\"https:\\\/\\\/secure.gravatar.com\\\/avatar\\\/826d3f1c0e14ae3a5d14c23a239a7614fa94532e099a845578a62aac479931aa?s=96&d=mm&r=g\",\"url\":\"https:\\\/\\\/secure.gravatar.com\\\/avatar\\\/826d3f1c0e14ae3a5d14c23a239a7614fa94532e099a845578a62aac479931aa?s=96&d=mm&r=g\",\"contentUrl\":\"https:\\\/\\\/secure.gravatar.com\\\/avatar\\\/826d3f1c0e14ae3a5d14c23a239a7614fa94532e099a845578a62aac479931aa?s=96&d=mm&r=g\",\"caption\":\"sle\"}}]}<\/script>\n<!-- \/ Yoast SEO plugin. -->","yoast_head_json":{"title":"STL GmbH auf der LEARNTEC 2025 \u2013 unser gr\u00f6\u00dfter Messeauftritt bisher | STL GmbH","description":"STL GmbH auf der LEARNTEC 2025 \u2013 unser bisher gr\u00f6\u00dfter Messeauftritt mit innovativen L\u00f6sungen rund um digitales Lernen und Bildungsmanagement.","robots":{"index":"index","follow":"follow","max-snippet":"max-snippet:-1","max-image-preview":"max-image-preview:large","max-video-preview":"max-video-preview:-1"},"canonical":"https:\/\/www.stl-software.de\/cms\/stl-gmbh-auf-der-learntec-2025-unser-groster-messeauftritt-bisher\/","og_locale":"de_DE","og_type":"article","og_title":"STL GmbH auf der LEARNTEC 2025 \u2013 unser gr\u00f6\u00dfter Messeauftritt bisher | STL GmbH","og_description":"STL GmbH auf der LEARNTEC 2025 \u2013 unser bisher gr\u00f6\u00dfter Messeauftritt mit innovativen L\u00f6sungen rund um digitales Lernen und Bildungsmanagement.","og_url":"https:\/\/www.stl-software.de\/cms\/stl-gmbh-auf-der-learntec-2025-unser-groster-messeauftritt-bisher\/","og_site_name":"STL GmbH","article_published_time":"2025-05-25T19:43:38+00:00","article_modified_time":"2025-11-28T12:59:12+00:00","author":"sle","twitter_card":"summary_large_image","schema":{"@context":"https:\/\/schema.org","@graph":[{"@type":"Article","@id":"https:\/\/www.stl-software.de\/cms\/stl-gmbh-auf-der-learntec-2025-unser-groster-messeauftritt-bisher\/#article","isPartOf":{"@id":"https:\/\/www.stl-software.de\/cms\/stl-gmbh-auf-der-learntec-2025-unser-groster-messeauftritt-bisher\/"},"author":{"name":"sle","@id":"https:\/\/www.stl-software.de\/cms\/#\/schema\/person\/f6274cb0cad88003afd123366bd3a472"},"headline":"STL GmbH auf der LEARNTEC 2025 \u2013 unser gr\u00f6\u00dfter Messeauftritt bisher","datePublished":"2025-05-25T19:43:38+00:00","dateModified":"2025-11-28T12:59:12+00:00","mainEntityOfPage":{"@id":"https:\/\/www.stl-software.de\/cms\/stl-gmbh-auf-der-learntec-2025-unser-groster-messeauftritt-bisher\/"},"wordCount":1579,"articleSection":["Learntec","Messe"],"inLanguage":"de"},{"@type":"WebPage","@id":"https:\/\/www.stl-software.de\/cms\/stl-gmbh-auf-der-learntec-2025-unser-groster-messeauftritt-bisher\/","url":"https:\/\/www.stl-software.de\/cms\/stl-gmbh-auf-der-learntec-2025-unser-groster-messeauftritt-bisher\/","name":"STL GmbH auf der LEARNTEC 2025 \u2013 unser gr\u00f6\u00dfter Messeauftritt bisher | STL GmbH","isPartOf":{"@id":"https:\/\/www.stl-software.de\/cms\/#website"},"datePublished":"2025-05-25T19:43:38+00:00","dateModified":"2025-11-28T12:59:12+00:00","author":{"@id":"https:\/\/www.stl-software.de\/cms\/#\/schema\/person\/f6274cb0cad88003afd123366bd3a472"},"description":"STL GmbH auf der LEARNTEC 2025 \u2013 unser bisher gr\u00f6\u00dfter Messeauftritt mit innovativen L\u00f6sungen rund um digitales Lernen und Bildungsmanagement.","breadcrumb":{"@id":"https:\/\/www.stl-software.de\/cms\/stl-gmbh-auf-der-learntec-2025-unser-groster-messeauftritt-bisher\/#breadcrumb"},"inLanguage":"de","potentialAction":[{"@type":"ReadAction","target":["https:\/\/www.stl-software.de\/cms\/stl-gmbh-auf-der-learntec-2025-unser-groster-messeauftritt-bisher\/"]}]},{"@type":"BreadcrumbList","@id":"https:\/\/www.stl-software.de\/cms\/stl-gmbh-auf-der-learntec-2025-unser-groster-messeauftritt-bisher\/#breadcrumb","itemListElement":[{"@type":"ListItem","position":1,"name":"Startseite","item":"https:\/\/www.stl-software.de\/cms\/"},{"@type":"ListItem","position":2,"name":"STL GmbH auf der LEARNTEC 2025 \u2013 unser gr\u00f6\u00dfter Messeauftritt bisher"}]},{"@type":"WebSite","@id":"https:\/\/www.stl-software.de\/cms\/#website","url":"https:\/\/www.stl-software.de\/cms\/","name":"STL GmbH","description":"Die Firma, die das LMS cimoio entwickelt hat","potentialAction":[{"@type":"SearchAction","target":{"@type":"EntryPoint","urlTemplate":"https:\/\/www.stl-software.de\/cms\/?s={search_term_string}"},"query-input":{"@type":"PropertyValueSpecification","valueRequired":true,"valueName":"search_term_string"}}],"inLanguage":"de"},{"@type":"Person","@id":"https:\/\/www.stl-software.de\/cms\/#\/schema\/person\/f6274cb0cad88003afd123366bd3a472","name":"sle","image":{"@type":"ImageObject","inLanguage":"de","@id":"https:\/\/secure.gravatar.com\/avatar\/826d3f1c0e14ae3a5d14c23a239a7614fa94532e099a845578a62aac479931aa?s=96&d=mm&r=g","url":"https:\/\/secure.gravatar.com\/avatar\/826d3f1c0e14ae3a5d14c23a239a7614fa94532e099a845578a62aac479931aa?s=96&d=mm&r=g","contentUrl":"https:\/\/secure.gravatar.com\/avatar\/826d3f1c0e14ae3a5d14c23a239a7614fa94532e099a845578a62aac479931aa?s=96&d=mm&r=g","caption":"sle"}}]}},"_links":{"self":[{"href":"https:\/\/www.stl-software.de\/cms\/wp-json\/wp\/v2\/posts\/1962","targetHints":{"allow":["GET"]}}],"collection":[{"href":"https:\/\/www.stl-software.de\/cms\/wp-json\/wp\/v2\/posts"}],"about":[{"href":"https:\/\/www.stl-software.de\/cms\/wp-json\/wp\/v2\/types\/post"}],"author":[{"embeddable":true,"href":"https:\/\/www.stl-software.de\/cms\/wp-json\/wp\/v2\/users\/8"}],"replies":[{"embeddable":true,"href":"https:\/\/www.stl-software.de\/cms\/wp-json\/wp\/v2\/comments?post=1962"}],"version-history":[{"count":14,"href":"https:\/\/www.stl-software.de\/cms\/wp-json\/wp\/v2\/posts\/1962\/revisions"}],"predecessor-version":[{"id":2181,"href":"https:\/\/www.stl-software.de\/cms\/wp-json\/wp\/v2\/posts\/1962\/revisions\/2181"}],"wp:attachment":[{"href":"https:\/\/www.stl-software.de\/cms\/wp-json\/wp\/v2\/media?parent=1962"}],"wp:term":[{"taxonomy":"category","embeddable":true,"href":"https:\/\/www.stl-software.de\/cms\/wp-json\/wp\/v2\/categories?post=1962"},{"taxonomy":"post_tag","embeddable":true,"href":"https:\/\/www.stl-software.de\/cms\/wp-json\/wp\/v2\/tags?post=1962"}],"curies":[{"name":"wp","href":"https:\/\/api.w.org\/{rel}","templated":true}]}}