{"id":1369,"date":"2023-04-20T17:09:19","date_gmt":"2023-04-20T15:09:19","guid":{"rendered":"https:\/\/www.stl-software.de\/cms\/?p=1369"},"modified":"2025-07-09T14:55:40","modified_gmt":"2025-07-09T12:55:40","slug":"stl-gmbh-mit-cimoio-auf-der-learntec-2023","status":"publish","type":"post","link":"https:\/\/www.stl-software.de\/cms\/stl-gmbh-mit-cimoio-auf-der-learntec-2023\/","title":{"rendered":"STL GmbH mit cimoio auf der Learntec 2023"},"content":{"rendered":"<p>[et_pb_section fb_built=&#8220;1&#8243; _builder_version=&#8220;4.19.2&#8243; _module_preset=&#8220;default&#8220; global_colors_info=&#8220;{}&#8220;][et_pb_row column_structure=&#8220;3_5,2_5&#8243; _builder_version=&#8220;4.19.2&#8243; _module_preset=&#8220;default&#8220; custom_padding=&#8220;||2px|||&#8220; global_colors_info=&#8220;{}&#8220;][et_pb_column type=&#8220;3_5&#8243; _builder_version=&#8220;4.19.2&#8243; _module_preset=&#8220;default&#8220; global_colors_info=&#8220;{}&#8220;][et_pb_text _builder_version=&#8220;4.20.4&#8243; _module_preset=&#8220;b9bb25d6-91bf-4e23-95cd-4a9e00f511ab&#8220; custom_padding=&#8220;||0px|||&#8220; global_colors_info=&#8220;{}&#8220;]<\/p>\n<p>Am 23.05. ist die STL GmbH mit <a href=\"https:\/\/www.cimoio.de\/cms\/\" target=\"_blank\" rel=\"noopener\" title=\"Website des Produkts cimoio\">cimoio<\/a> auf der <a href=\"https:\/\/www.learntec.de\/de\/\" target=\"_blank\" rel=\"noopener\" title=\"Website der Messe Learntec 2023\">Learntec 2023<\/a> in der Messe in Karlsruhe!<\/p>\n<p>Die STL GmbH ist seit einigen Jahren j\u00e4hrlich zu Gast auf der Learntec mit einem Stand. Die Learntec nennt sich selbst \u201edie digitale Bildungsmesse\u201c und beschreibt damit ihren Anspruch, alle Aspekte abzudecken:<\/p>\n<ul>\n<li>von der schulischen und universit\u00e4ren Bildung \u00fcber Aus-, Fort- und Weiterbildung im Unternehmensbereich<\/li>\n<li>technische L\u00f6sungen aber auch methodische<\/li>\n<li>mit klassischen Methoden und aktuellen \u2013 aber auch mit Methoden, die noch im Forschungsstadium sind<\/li>\n<li>ein Austausch von Anbietern mit potenziellen Kundinnen und Kunden aber auch zwischen den Anbietern<\/li>\n<\/ul>\n<p>[\/et_pb_text][\/et_pb_column][et_pb_column type=&#8220;2_5&#8243; _builder_version=&#8220;4.19.2&#8243; _module_preset=&#8220;default&#8220; global_colors_info=&#8220;{}&#8220;][et_pb_image src=&#8220;https:\/\/www.stl-software.de\/cms\/wp-content\/uploads\/sites\/2\/2023\/04\/stlgmbh_Halle1-C56_LT_23_Banner-fuer-Webseiten_250x250-1.png&#8220; title_text=&#8220;stlgmbh_Halle1-C56_LT_23_Banner-fuer-Webseiten_250x250&#8243; _builder_version=&#8220;4.20.4&#8243; _module_preset=&#8220;default&#8220; custom_margin=&#8220;80px|||||&#8220; global_colors_info=&#8220;{}&#8220;][\/et_pb_image][\/et_pb_column][\/et_pb_row][et_pb_row _builder_version=&#8220;4.19.2&#8243; _module_preset=&#8220;default&#8220; custom_padding=&#8220;0px|||||&#8220; global_colors_info=&#8220;{}&#8220;][et_pb_column type=&#8220;4_4&#8243; _builder_version=&#8220;4.19.2&#8243; _module_preset=&#8220;default&#8220; global_colors_info=&#8220;{}&#8220;][et_pb_text _builder_version=&#8220;4.20.4&#8243; _module_preset=&#8220;b9bb25d6-91bf-4e23-95cd-4a9e00f511ab&#8220; custom_padding=&#8220;||0px|||&#8220; global_colors_info=&#8220;{}&#8220;]<\/p>\n<p>Nicht ohne Grund sind deshalb seit 2022 statt zuvor zwei\u00a0 inzwischen sogar drei Hallen der Messe in Karlsruhe bereitgestellt worden, um diesem breiten Feld Raum geben zu k\u00f6nnen. Hier finden St\u00e4nde der Anbieter Platz, aber auch mit B\u00fchnen f\u00fcr Vortr\u00e4ge, Bereiche zum Ausprobieren und nat\u00fcrlich auch ein Konferenzbereich, in dem konkrete praktische Ans\u00e4tze von Nutzern der Technologien und Methoden vorgestellt werden.<\/p>\n<p>Nach der Corona-Pause, in der die Learntec digital stattfand, hat die Messe im Jahr 2022 wieder in Pr\u00e4senz stattgefunden. Mit 11.000 Besuchern hat sie zwar noch nicht wieder das Besucher-Niveau des Vorjahrs erreicht, aber trotzdem gezeigt, dass sie nichts an Relevanz eingeb\u00fc\u00dft hat \u2013 Lesen Sie f\u00fcr Details auch unseren Nachbericht zur Learntec in unserem<a href=\"\/cms\/stl-jahresrueckblick-2022\/\" title=\"STL Jahresr\u00fcckblick 2022\"> letzten Jahresr\u00fcckblick<\/a>.<\/p>\n<p>[\/et_pb_text][\/et_pb_column][\/et_pb_row][\/et_pb_section][et_pb_section fb_built=&#8220;1&#8243; _builder_version=&#8220;4.19.2&#8243; _module_preset=&#8220;default&#8220; background_enable_color=&#8220;off&#8220; background_enable_image=&#8220;off&#8220; custom_margin=&#8220;|||0px|false|false&#8220; custom_padding=&#8220;0px|10px||15px|false|false&#8220; global_colors_info=&#8220;{}&#8220;][et_pb_row _builder_version=&#8220;4.19.2&#8243; _module_preset=&#8220;default&#8220; global_colors_info=&#8220;{}&#8220;][et_pb_column type=&#8220;4_4&#8243; _builder_version=&#8220;4.19.2&#8243; _module_preset=&#8220;default&#8220; global_colors_info=&#8220;{}&#8220;][et_pb_text _builder_version=&#8220;4.20.4&#8243; _module_preset=&#8220;default&#8220; global_colors_info=&#8220;{}&#8220;]<\/p>\n<h2>Historie der STL GmbH auf der Learntec<\/h2>\n<p>Die STL GmbH ist mit cimoio auf der Learntec 2023 zum siebten Mal vertreten. W\u00e4hrend das Unternehmen weiter w\u00e4chst, ist auch unser Stand auf der Messe kontinuierlich gewachsen \u2013 ebenso wie das anreisende Team.<\/p>\n<p>Haben wir zun\u00e4chst einen kleinen Stand gehabt, der dann nur von einer Person betreut wurde, mieten wir inzwischen 16 qm Fl\u00e4che. Bei dieser Gr\u00f6\u00dfe k\u00f6nnen wir mit drei Mitarbeiterinnen und Mitarbeitern auch entsprechend mehr Fachgespr\u00e4che mit interessierten Besucherinnen und Besuchern f\u00fchren.<\/p>\n<p>Im vorigen Jahr haben wir auch die Chance genutzt, mit einem Vortrag ein Trendthema des Jahres \u201eHybride Veranstaltungen\u201c vorzustellen. Das haben wir dieses Jahr mangels Zeit leider nicht wieder geschafft \u2013 aber die n\u00e4chste Learntec kommt bestimmt!<\/p>\n<p>[\/et_pb_text][\/et_pb_column][\/et_pb_row][\/et_pb_section][et_pb_section fb_built=&#8220;1&#8243; _builder_version=&#8220;4.19.2&#8243; _module_preset=&#8220;default&#8220; global_colors_info=&#8220;{}&#8220;][et_pb_row _builder_version=&#8220;4.19.2&#8243; _module_preset=&#8220;default&#8220; global_colors_info=&#8220;{}&#8220;][et_pb_column type=&#8220;4_4&#8243; _builder_version=&#8220;4.19.2&#8243; _module_preset=&#8220;default&#8220; global_colors_info=&#8220;{}&#8220;][et_pb_text _builder_version=&#8220;4.22.1&#8243; _module_preset=&#8220;b9bb25d6-91bf-4e23-95cd-4a9e00f511ab&#8220; hover_enabled=&#8220;0&#8243; global_colors_info=&#8220;{}&#8220; sticky_enabled=&#8220;0&#8243;]<\/p>\n<h3>Teilnahme mit gr\u00f6\u00dferem Stand auf der Learntec<\/h3>\n<p>Den gr\u00f6\u00dften Schub, unser Engagement weiter auszubauen hat sicherlich der Wechsel unseres Markennamens mit sich gebracht: Nachdem wir im Jahr <a href=\"https:\/\/www.cimoio.de\/cms\/ueber-uns\/\" title=\"Die Geschichte der Software cimoio\" target=\"_blank\" rel=\"noopener\">2021 unser Produkt von ecadiaPro auf cimoio umbenannt hatten<\/a>, war es uns wichtig, f\u00fcr einen erfolgreichen Transfer des Vertrauens unsere Kundinnen und Kunden vom \u201ealten\u201c Produkt in das \u201eneue Produkt\u201c, den Namen auch gut am Markt einzuf\u00fchren. Und wo besser als auf der Learntec, wo wir viele unserer Bestandskunden treffen, die sich hier inspirieren lassen und \u00fcber neue Methoden informieren \u2013 aber auch viele Interessenten, die uns mit ihren Fragen \u00fcber unser Produkt auch wichtige Impulse geben, wo sich der Markt gerade hinbewegt.<\/p>\n<p>[\/et_pb_text][et_pb_image src=&#8220;https:\/\/www.stl-software.de\/cms\/wp-content\/uploads\/sites\/2\/2023\/04\/Stand_der_STLGmbH_Learntec_2022.jpeg&#8220; alt=&#8220;Stand der STL GmbH auf der Learntec 2023 vor Er\u00f6ffnung der Messe.&#8220; title_text=&#8220;Stand_der_STLGmbH_Learntec_2022&#8243; _builder_version=&#8220;4.20.4&#8243; _module_preset=&#8220;default&#8220; global_colors_info=&#8220;{}&#8220;][\/et_pb_image][\/et_pb_column][\/et_pb_row][\/et_pb_section][et_pb_section fb_built=&#8220;1&#8243; _builder_version=&#8220;4.19.2&#8243; _module_preset=&#8220;default&#8220; background_enable_color=&#8220;off&#8220; background_enable_image=&#8220;off&#8220; custom_margin=&#8220;|||0px|false|false&#8220; custom_padding=&#8220;0px|10px||15px|false|false&#8220; global_colors_info=&#8220;{}&#8220;][et_pb_row _builder_version=&#8220;4.19.2&#8243; _module_preset=&#8220;default&#8220; global_colors_info=&#8220;{}&#8220;][et_pb_column type=&#8220;4_4&#8243; _builder_version=&#8220;4.19.2&#8243; _module_preset=&#8220;default&#8220; global_colors_info=&#8220;{}&#8220;][et_pb_text _builder_version=&#8220;4.20.4&#8243; _module_preset=&#8220;default&#8220; global_colors_info=&#8220;{}&#8220;]<\/p>\n<h3>Positionierung der STL GmbH mit cimoio<\/h3>\n<p>Die STL GmbH mit der integrierten Trainings- und Learningmanagementsoftware cimoio hat einen festen Platz auf der Learntec im Bereich betriebliche Wissensvermittlung. Die St\u00e4rken von cimoio liegen einerseits in der Regulatorik bzw. der Verwaltung und Dokumentation beliebiger Kombinationen im Bereich Pflichtschulungen und andererseits in jeglicher Form von Blended Learning. cimoio gibt es \u2013 fr\u00fcher unter anderen Markennamen \u2013 inzwischen genau 20 Jahre am Markt, die Vorg\u00e4ngersoftware sogar noch l\u00e4nger. In dieser Zeit haben wir insbesondere Prozesse und Abl\u00e4ufe in der Verwaltung von Pr\u00e4senztrainings inklusive des Managements von R\u00e4umen, technischen Ressourcen und Trainerinnen und Trainern perfektioniert \u2013 denn dies war der Startpunkt f\u00fcr die Software cimoio.<\/p>\n<p>Wir sind aber mit der Zeit gegangen und haben alle Bewegungen von der Einf\u00fchrung von E-Learnings (manchmal auch \u201eWBTs\u201c f\u00fcr \u201eWeb-Based-Trainings\u201c genannt), deren Kombination in Blended-Ans\u00e4tzen sowie (auch schon vor Corona) die Anbindung von Kommunikationssoftware wie vitero, GoTo-Webinar oder MS Teams (bzw. genauer: Nutzung des Microsoft Graphs).<\/p>\n<p>[\/et_pb_text][\/et_pb_column][\/et_pb_row][\/et_pb_section][et_pb_section fb_built=&#8220;1&#8243; _builder_version=&#8220;4.19.2&#8243; _module_preset=&#8220;default&#8220; global_colors_info=&#8220;{}&#8220;][et_pb_row _builder_version=&#8220;4.19.2&#8243; _module_preset=&#8220;default&#8220; global_colors_info=&#8220;{}&#8220;][et_pb_column type=&#8220;4_4&#8243; _builder_version=&#8220;4.19.2&#8243; _module_preset=&#8220;default&#8220; global_colors_info=&#8220;{}&#8220;][et_pb_text _builder_version=&#8220;4.22.1&#8243; _module_preset=&#8220;b9bb25d6-91bf-4e23-95cd-4a9e00f511ab&#8220; hover_enabled=&#8220;0&#8243; global_colors_info=&#8220;{}&#8220; sticky_enabled=&#8220;0&#8243;]<\/p>\n<h3>cimoio, das integrierte TMS und LMS<\/h3>\n<p>Insgesamt haben wir sowohl die Funktionen einer <a href=\"https:\/\/www.cimoio.de\/cms\/cimoio-und-module\/was-ist-cimoio\/\" target=\"_blank\" rel=\"noopener\" title=\"Definition, was cimoio macht auf der Website der Software cimoio\">Trainingmanagementsoftware<\/a> (TMS), zur Administration aller Prozesse im Bildungsmanagement, wie z. B.:<\/p>\n<ul>\n<li>Gestaltung von Trainingsprodukten f\u00fcr das Portfolio<\/li>\n<li>Organisieren von terminierten Veranstaltungen inklusive des Managements von Ressourcen<\/li>\n<li>Verwalten der Anmeldungen der Teilnehmerinnen und Teilnehmer zu digitalen Produkten, terminierten Veranstaltungen und Blended Learnings<\/li>\n<li>Dokumentation des aktuellen Stands von Bildungsma\u00dfnahmen insbesondere zur Erf\u00fcllung von Regulatorik<\/li>\n<li>Kommunikationsprozesse nach Wunsch manuell, halb-automatisiert oder vollautomatisiert<\/li>\n<li>Funktionen zur Verrechnung oder Abrechnung je nach Gesch\u00e4ftsmodell<\/li>\n<li>Umfangreiches und detailliertes Reporting<\/li>\n<\/ul>\n<p>\u2026 als auch die Funktionen einer <a href=\"https:\/\/www.cimoio.de\/cms\/cimoio-und-module\/was-ist-cimoio\/\" title=\"Definition, was cimoio macht auf der Website der Software cimoio\" target=\"_blank\" rel=\"noopener\">Learningmanagementsoftware<\/a> (LMS), als Schnittstelle zu allen beteiligten Akteuren, insbesondere den lernenden Personen, egal, ob intern oder extern, wie z. B.:<\/p>\n<ul>\n<li>Ma\u00dfgeschneiderte <span style=\"color: #ffffff\"><a href=\"https:\/\/www.cimoio.de\/cms\/cimoio-und-module\/portal-module\/\" target=\"_blank\" rel=\"noopener\" title=\"Informationen \u00fcber verschiedene Portale auf der Website der Software cimoio\" style=\"color: #ffffff\">Portale<\/a><\/span> mit Sichten und Funktionen f\u00fcr die definierte Zielgruppe, bspw.:\n<ul>\n<li>Lernerportal f\u00fcr Lernende mit Funktionen und Sichten fokussiert auf aktuell und vergangene Lernma\u00dfnahmen mit Bibliothek zuvor zur Verf\u00fcgung gestellter Lernmaterialien<\/li>\n<li>Trainerportal mit Kalender zur Ansicht der zuk\u00fcnftig durchzuf\u00fchrenden Trainings, optional auch mit Blick auf das Trainerteam<\/li>\n<li>Buchungsportal f\u00fcr F\u00fchrungskr\u00e4fte oder Kunden mit Sicht auf Buchungshistorie<\/li>\n<li>Mitarbeiterportal, dass Funktionen des Lernerportals mit denen des Buchungsportals vereint, damit Mitarbeitende selbstgesteuert ihre Weiterbildungen im Griff haben<\/li>\n<\/ul>\n<\/li>\n<li>Selbstbedienungsfunktionen entsprechend Anforderungen, wie:\n<ul>\n<li>Bildungshistorie mit vergangenen Trainings in allen Formaten<\/li>\n<li>Buchungsfunktionen gesteuert nach Rollen, Zielgruppen und Mandanten\n<ul>\n<li>F\u00fcr F\u00fchrungskr\u00e4fte: auch Buchung f\u00fcr Teammitglieder m\u00f6glich<\/li>\n<\/ul>\n<\/li>\n<li>Statusinformationen zu Pflichtschulungen<\/li>\n<li>Planungssicht mit zuk\u00fcnftigen Trainings<\/li>\n<\/ul>\n<\/li>\n<li>Zugang zu digitalen Lernmedien und Online Sessions \u00fcber Kommunikationssoftware<\/li>\n<\/ul>\n<p>[\/et_pb_text][\/et_pb_column][\/et_pb_row][\/et_pb_section][et_pb_section fb_built=&#8220;1&#8243; _builder_version=&#8220;4.19.2&#8243; _module_preset=&#8220;default&#8220; background_enable_color=&#8220;off&#8220; background_enable_image=&#8220;off&#8220; width=&#8220;100%&#8220; custom_margin=&#8220;|||0px|false|false&#8220; custom_padding=&#8220;0px|10px||15px|false|false&#8220; global_colors_info=&#8220;{}&#8220;][et_pb_row _builder_version=&#8220;4.19.2&#8243; _module_preset=&#8220;default&#8220; global_colors_info=&#8220;{}&#8220;][et_pb_column type=&#8220;4_4&#8243; _builder_version=&#8220;4.19.2&#8243; _module_preset=&#8220;default&#8220; global_colors_info=&#8220;{}&#8220;][et_pb_text _builder_version=&#8220;4.22.1&#8243; _module_preset=&#8220;default&#8220; hover_enabled=&#8220;0&#8243; global_colors_info=&#8220;{}&#8220; sticky_enabled=&#8220;0&#8243;]<\/p>\n<h3>Branchen, die cimoio nutzen<\/h3>\n<p>STL GmbH ist mit cimoio auf der Learntec 2023 &#8211; zusammen mit unserer Einstellung \u201eimplement ideas\u201c \u2013 also der Umsetzung von Ideen von und f\u00fcr unsere Kunden, erf\u00fcllen wir vor allem den Bedarf von Kundenunternehmen, die komplexe Anforderungen aus ihrem Lern\u00f6kosystem haben. Diese werden meist nicht von g\u00e4ngigen L\u00f6sungen am Markt erf\u00fcllt. Unser Markenkern ist es, gerade diese Herausforderungen anzunehmen und umzusetzen.<\/p>\n<p>Unsere Kundenstruktur dreht sich vorrangig um vier Branchen, in denen bestimmte Herausforderungen in unterschiedlichen Auspr\u00e4gungen auftauchen.<\/p>\n<p>Die vier Branchen, in denen wir die meisten Kundenunternehmen haben, sind <a href=\"https:\/\/www.cimoio.de\/cms\/branchenloesungen\/luftfahrt\/\" target=\"_blank\" rel=\"noopener\" title=\"Informationen zu cimoio aero\">Luftfahrt<\/a> (zum Beispiel die <a href=\"https:\/\/www.cimoio.de\/cms\/project\/referenz-lufthansa-technik-logistik-services\/\" target=\"_blank\" rel=\"noopener\" title=\"Success Story f\u00fcr cimoio von der LTLS\">Lufthansa Technik Logistik Services (LTLS)<\/a>), <a href=\"https:\/\/www.cimoio.de\/cms\/branchenloesungen\/bildungsanbieter\/\" target=\"_blank\" rel=\"noopener\" title=\"Informationen zu cimoio f\u00fcr Bildungsanbieter\">Bildungsanbieter<\/a> (z. B. die <a href=\"https:\/\/www.cimoio.de\/cms\/project\/referenz-jaro-institut\/\" target=\"_blank\" rel=\"noopener\" title=\"Success Story f\u00fcr cimoio von der JARO Academy\">JARO-Academy<\/a> des <a href=\"https:\/\/jaro-institut.de\/\" target=\"_blank\" rel=\"noopener\" title=\"Website des JARO Institut f\u00fcr Nachhaltigkeit und Digitalisierung e.V.\">JARO-Instituts<\/a>), <a href=\"https:\/\/www.cimoio.de\/cms\/branchenloesungen\/trainingsmanagement-in-der-industrie\/\" target=\"_blank\" rel=\"noopener\" title=\"Informationen zu cimoio f\u00fcr die Industrie\">Industrie<\/a> (z. B. die <a href=\"https:\/\/www.cimoio.de\/cms\/project\/referenz-kuka\/\" target=\"_blank\" rel=\"noopener\" title=\"Success Story f\u00fcr cimoio von der KUKA\">KUKA<\/a>) oder der Bereich <a href=\"https:\/\/www.cimoio.de\/cms\/branchenloesungen\/handel-banken-und-versicherungen\/\" target=\"_blank\" rel=\"noopener\" title=\"Informationen zu cimoio f\u00fcr Handel, Banken und Versicherungen\">Handel, Banken und Versicherungen<\/a> (z. B. die <a href=\"https:\/\/www.cimoio.de\/cms\/project\/referenz-sparkassenakademie-baden-wuerttemberg\/\" target=\"_blank\" rel=\"noopener\" title=\"Success Story f\u00fcr cimoio vom Sparkassenverband Baden-W\u00fcrttemberg\">Sparkassenakademie<\/a> des Sparkassenverbands Baden-W\u00fcrttemberg oder die <a href=\"https:\/\/www.cimoio.de\/cms\/project\/referenz-versicherungsgruppe-hannover-vgh\/\" target=\"_blank\" rel=\"noopener\" title=\"Success Story f\u00fcr cimoio von der VGH\">VGH<\/a>).<\/p>\n<h4>cimoio-St\u00e4rken und Branchen<\/h4>\n<p>Die zuvor teilweise schon genannten Themen, in denen cimoio f\u00fchrend ist, sind:<\/p>\n<ul>\n<li>Regulatorik\/Pflichttrainings \u2013 dieses Thema ist f\u00fcr alle Branchen \u00fcbergreifend relevant z. B. f\u00fcr gesetzliche Trainings bez\u00fcglich Themen wie Datenschutz oder Compliance.\n<ul>\n<li>In der Luftfahrt sind durch das Luftfahrt-Bundesamt verschiedene Themen in der beruflichen Bildung stark regulatorisch fixiert, was besondere Herausforderungen mit sich bringt<\/li>\n<li>Im Banken- und Versicherungsbereich sind die Themen \u201eGeldanlage\u201c durch die IDD und \u201eFinanzgesch\u00e4fte\u201c in Bezug auf Geldw\u00e4sche-Pr\u00e4vention stark beeinflusst.<\/li>\n<li>In der Industrie sind Schulungen am Produkt notwendig, um Sicherheitsgefahren f\u00fcr die Nutzerinnen und Nutzer auszuschlie\u00dfen<\/li>\n<li>Bildungsbieter k\u00f6nnen sich in verschiedenen Aspekten zertifizieren lassen, was ebenfalls Anforderungen an die Umsetzung der Dokumentation von Trainings regulieren kann.<\/li>\n<\/ul>\n<\/li>\n<li>Blended Learning \u2013 die Nutzung einer beliebigen Mischung verschiedener Trainingsformate wie online oder offline, digital oder in Pr\u00e4senz\n<ul>\n<li>Die Anwendungsf\u00e4lle unterscheiden sich leicht von Branche zu Branche, was den Grund f\u00fcr die Umsetzung als Blended Learning angeht.<\/li>\n<li>In der Umsetzung bietet cimoio verschiedene Produkttemplates, um effizient f\u00fcr jeden Anwendungsfall das optimale gew\u00fcnschte Ergebnis zu erhalten.<\/li>\n<\/ul>\n<\/li>\n<li>cimoio als Bildungs-Marktplatz\n<ul>\n<li>Eine wachsende Anzahl unserer Kundenunternehmen nutzt nicht nur selbst erzeugte Lerninhalte. Sie erg\u00e4nzen das Trainingsportfolio mit extern beschafften Inhalten.<\/li>\n<li>Diese Inhalte stehen manchmal auf den Plattformen der externen Lieferanten bereit, die wir dann anbinden oder importiert werden\u00a0<\/li>\n<li>Generell sind wir dazu in der Lage ganze fremde Kataloge zu importieren.<\/li>\n<li>Auf der anderen Seite haben manche unserer Kunden verschiedene Kundengruppen, denen unterschiedliche Anteile des Gesamt-Portfolios angeboten werden.<\/li>\n<li>cimoio erm\u00f6glicht das \u00fcber Zielgruppen- oder Mandantentrennung<\/li>\n<li>Insofern ist cimoio ein Marktplatz, auf dem eigene und fremde Leistungen f\u00fcr interne oder externe Kunden bereitgestellt werden. Das Angebot an die Kunden kann seinerseits durch Zielgruppen oder Mandanten segmentiert werden.<\/li>\n<\/ul>\n<\/li>\n<\/ul>\n<p>[\/et_pb_text][\/et_pb_column][\/et_pb_row][\/et_pb_section][et_pb_section fb_built=&#8220;1&#8243; _builder_version=&#8220;4.19.2&#8243; _module_preset=&#8220;default&#8220; global_colors_info=&#8220;{}&#8220;][et_pb_row _builder_version=&#8220;4.19.2&#8243; _module_preset=&#8220;default&#8220; global_colors_info=&#8220;{}&#8220;][et_pb_column type=&#8220;4_4&#8243; _builder_version=&#8220;4.19.2&#8243; _module_preset=&#8220;default&#8220; global_colors_info=&#8220;{}&#8220;][et_pb_text _builder_version=&#8220;4.22.1&#8243; _module_preset=&#8220;b9bb25d6-91bf-4e23-95cd-4a9e00f511ab&#8220; hover_enabled=&#8220;0&#8243; global_colors_info=&#8220;{}&#8220; sticky_enabled=&#8220;0&#8243;]<\/p>\n<h2>Zielsetzung der STL GmbH auf der Learntec<\/h2>\n<p>Wir freuen uns immens darauf, auf der Messe zun\u00e4chst einmal unsere Bestandskunden zu treffen und uns mit ihnen \u00fcber die Inspirationen zu unterhalten, die sie auf der Messe sammeln.<\/p>\n<p>Au\u00dferdem sind wir gespannt auf Interessenten und ihre Hoffnungen und Erwartungen in unsere Software. Zu unserer Freude haben wir schon vor der Messe Anfragen f\u00fcr Termine erhalten. Daher steigt f\u00fcr uns schon die Vorfreude auf die n\u00e4chsten Herausforderungen.<\/p>\n<p>Und zu guter Letzt sind wir auch daran interessiert zu sehen, was andere Anbieter sich neues \u00fcberlegt haben, welche Trends am Markt gerade verfolgt werden und welche Buzzwords dieses Jahr hochkommen.<\/p>\n<p>[\/et_pb_text][\/et_pb_column][\/et_pb_row][\/et_pb_section][et_pb_section fb_built=&#8220;1&#8243; _builder_version=&#8220;4.19.2&#8243; _module_preset=&#8220;default&#8220; background_enable_color=&#8220;off&#8220; background_enable_image=&#8220;off&#8220; width=&#8220;100%&#8220; custom_margin=&#8220;|||0px|false|false&#8220; custom_padding=&#8220;0px|10px||15px|false|false&#8220; global_colors_info=&#8220;{}&#8220;][et_pb_row _builder_version=&#8220;4.19.2&#8243; _module_preset=&#8220;default&#8220; global_colors_info=&#8220;{}&#8220;][et_pb_column type=&#8220;4_4&#8243; _builder_version=&#8220;4.19.2&#8243; _module_preset=&#8220;default&#8220; global_colors_info=&#8220;{}&#8220;][et_pb_text _builder_version=&#8220;4.22.1&#8243; _module_preset=&#8220;default&#8220; global_colors_info=&#8220;{}&#8220;]<\/p>\n<h2>Haben Sie Fragen?<\/h2>\n<p>M\u00f6chten Sie mehr erfahren oder ein Zeitfenster mit uns reservieren? Dann nutzen Sie die Kommentarfunktion, schicken Sie uns eine Anfrage \u00fcber das <a href=\"\/cms\/kontaktformular-der-stl-gmbh\/\" title=\"Kontaktformular f\u00fcr R\u00fcckfragen\">Kontaktformular<\/a> oder direkt eine Mail.<\/p>\n<p>[\/et_pb_text][\/et_pb_column][\/et_pb_row][\/et_pb_section]<\/p>\n","protected":false},"excerpt":{"rendered":"<p>Am 23.05. ist die STL GmbH mit cimoio auf der Learntec 2023 in der Messe in Karlsruhe! Die STL GmbH ist seit einigen Jahren j\u00e4hrlich zu Gast auf der Learntec mit einem Stand. Die Learntec nennt sich selbst \u201edie digitale Bildungsmesse\u201c und beschreibt damit ihren Anspruch, alle Aspekte abzudecken: von der schulischen und universit\u00e4ren Bildung [&hellip;]<\/p>\n","protected":false},"author":3,"featured_media":1416,"comment_status":"closed","ping_status":"open","sticky":false,"template":"","format":"standard","meta":{"_et_pb_use_builder":"on","_et_pb_old_content":"","_et_gb_content_width":"","inline_featured_image":false,"footnotes":""},"categories":[124,118],"tags":[132,114],"class_list":["post-1369","post","type-post","status-publish","format-standard","has-post-thumbnail","hentry","category-learntec-de","category-messe","tag-2023-de","tag-learntec-de"],"yoast_head":"<!-- This site is optimized with the Yoast SEO plugin v27.4 - https:\/\/yoast.com\/product\/yoast-seo-wordpress\/ -->\n<title>STL GmbH mit cimoio auf der Learntec 2023 | Blog der STL GmbH<\/title>\n<meta name=\"description\" content=\"STL GmbH mit cimoio auf der Learntec 2023! \ud83e\udd13 Wir zeigen unsere Trainings- &amp; Learningmanagementsoftware in Halle 1 Stand C56 in Karlsruhe.\" \/>\n<meta name=\"robots\" content=\"index, follow, max-snippet:-1, max-image-preview:large, max-video-preview:-1\" \/>\n<link rel=\"canonical\" href=\"https:\/\/www.stl-software.de\/cms\/stl-gmbh-mit-cimoio-auf-der-learntec-2023\/\" \/>\n<meta property=\"og:locale\" content=\"de_DE\" \/>\n<meta property=\"og:type\" content=\"article\" \/>\n<meta property=\"og:title\" content=\"STL GmbH mit cimoio auf der Learntec 2023 | Blog der STL GmbH\" \/>\n<meta property=\"og:description\" content=\"STL GmbH mit cimoio auf der Learntec 2023! \ud83e\udd13 Wir zeigen unsere Trainings- &amp; Learningmanagementsoftware in Halle 1 Stand C56 in Karlsruhe.\" \/>\n<meta property=\"og:url\" content=\"https:\/\/www.stl-software.de\/cms\/stl-gmbh-mit-cimoio-auf-der-learntec-2023\/\" \/>\n<meta property=\"og:site_name\" content=\"STL GmbH\" \/>\n<meta property=\"article:published_time\" content=\"2023-04-20T15:09:19+00:00\" \/>\n<meta property=\"article:modified_time\" content=\"2025-07-09T12:55:40+00:00\" \/>\n<meta property=\"og:image\" content=\"https:\/\/www.stl-software.de\/cms\/wp-content\/uploads\/sites\/2\/2023\/04\/stlgmbh_Halle1-C56_LT_23_Banner-fuer-Webseiten_728x90.png\" \/>\n\t<meta property=\"og:image:width\" content=\"728\" \/>\n\t<meta property=\"og:image:height\" content=\"90\" \/>\n\t<meta property=\"og:image:type\" content=\"image\/png\" \/>\n<meta name=\"author\" content=\"Lars Metze\" \/>\n<meta name=\"twitter:card\" content=\"summary_large_image\" \/>\n<script type=\"application\/ld+json\" class=\"yoast-schema-graph\">{\"@context\":\"https:\\\/\\\/schema.org\",\"@graph\":[{\"@type\":\"Article\",\"@id\":\"https:\\\/\\\/www.stl-software.de\\\/cms\\\/stl-gmbh-mit-cimoio-auf-der-learntec-2023\\\/#article\",\"isPartOf\":{\"@id\":\"https:\\\/\\\/www.stl-software.de\\\/cms\\\/stl-gmbh-mit-cimoio-auf-der-learntec-2023\\\/\"},\"author\":{\"name\":\"Lars Metze\",\"@id\":\"https:\\\/\\\/www.stl-software.de\\\/cms\\\/#\\\/schema\\\/person\\\/b397c26c477ee0788e09ab9340760f00\"},\"headline\":\"STL GmbH mit cimoio auf der Learntec 2023\",\"datePublished\":\"2023-04-20T15:09:19+00:00\",\"dateModified\":\"2025-07-09T12:55:40+00:00\",\"mainEntityOfPage\":{\"@id\":\"https:\\\/\\\/www.stl-software.de\\\/cms\\\/stl-gmbh-mit-cimoio-auf-der-learntec-2023\\\/\"},\"wordCount\":2229,\"image\":{\"@id\":\"https:\\\/\\\/www.stl-software.de\\\/cms\\\/stl-gmbh-mit-cimoio-auf-der-learntec-2023\\\/#primaryimage\"},\"thumbnailUrl\":\"https:\\\/\\\/www.stl-software.de\\\/cms\\\/wp-content\\\/uploads\\\/sites\\\/2\\\/2023\\\/04\\\/stlgmbh_Halle1-C56_LT_23_Banner-fuer-Webseiten_728x90.png\",\"keywords\":[\"2023\",\"Learntec\"],\"articleSection\":[\"Learntec\",\"Messe\"],\"inLanguage\":\"de\"},{\"@type\":\"WebPage\",\"@id\":\"https:\\\/\\\/www.stl-software.de\\\/cms\\\/stl-gmbh-mit-cimoio-auf-der-learntec-2023\\\/\",\"url\":\"https:\\\/\\\/www.stl-software.de\\\/cms\\\/stl-gmbh-mit-cimoio-auf-der-learntec-2023\\\/\",\"name\":\"STL GmbH mit cimoio auf der Learntec 2023 | Blog der STL GmbH\",\"isPartOf\":{\"@id\":\"https:\\\/\\\/www.stl-software.de\\\/cms\\\/#website\"},\"primaryImageOfPage\":{\"@id\":\"https:\\\/\\\/www.stl-software.de\\\/cms\\\/stl-gmbh-mit-cimoio-auf-der-learntec-2023\\\/#primaryimage\"},\"image\":{\"@id\":\"https:\\\/\\\/www.stl-software.de\\\/cms\\\/stl-gmbh-mit-cimoio-auf-der-learntec-2023\\\/#primaryimage\"},\"thumbnailUrl\":\"https:\\\/\\\/www.stl-software.de\\\/cms\\\/wp-content\\\/uploads\\\/sites\\\/2\\\/2023\\\/04\\\/stlgmbh_Halle1-C56_LT_23_Banner-fuer-Webseiten_728x90.png\",\"datePublished\":\"2023-04-20T15:09:19+00:00\",\"dateModified\":\"2025-07-09T12:55:40+00:00\",\"author\":{\"@id\":\"https:\\\/\\\/www.stl-software.de\\\/cms\\\/#\\\/schema\\\/person\\\/b397c26c477ee0788e09ab9340760f00\"},\"description\":\"STL GmbH mit cimoio auf der Learntec 2023! \ud83e\udd13 Wir zeigen unsere Trainings- & Learningmanagementsoftware in Halle 1 Stand C56 in Karlsruhe.\",\"breadcrumb\":{\"@id\":\"https:\\\/\\\/www.stl-software.de\\\/cms\\\/stl-gmbh-mit-cimoio-auf-der-learntec-2023\\\/#breadcrumb\"},\"inLanguage\":\"de\",\"potentialAction\":[{\"@type\":\"ReadAction\",\"target\":[\"https:\\\/\\\/www.stl-software.de\\\/cms\\\/stl-gmbh-mit-cimoio-auf-der-learntec-2023\\\/\"]}]},{\"@type\":\"ImageObject\",\"inLanguage\":\"de\",\"@id\":\"https:\\\/\\\/www.stl-software.de\\\/cms\\\/stl-gmbh-mit-cimoio-auf-der-learntec-2023\\\/#primaryimage\",\"url\":\"https:\\\/\\\/www.stl-software.de\\\/cms\\\/wp-content\\\/uploads\\\/sites\\\/2\\\/2023\\\/04\\\/stlgmbh_Halle1-C56_LT_23_Banner-fuer-Webseiten_728x90.png\",\"contentUrl\":\"https:\\\/\\\/www.stl-software.de\\\/cms\\\/wp-content\\\/uploads\\\/sites\\\/2\\\/2023\\\/04\\\/stlgmbh_Halle1-C56_LT_23_Banner-fuer-Webseiten_728x90.png\",\"width\":728,\"height\":90,\"caption\":\"Werbebanner der Learntec 2023 mit Informationen dar\u00fcber, wo man den Stand der STL GmbH findet: in Halle 1, Stand C56\"},{\"@type\":\"BreadcrumbList\",\"@id\":\"https:\\\/\\\/www.stl-software.de\\\/cms\\\/stl-gmbh-mit-cimoio-auf-der-learntec-2023\\\/#breadcrumb\",\"itemListElement\":[{\"@type\":\"ListItem\",\"position\":1,\"name\":\"Startseite\",\"item\":\"https:\\\/\\\/www.stl-software.de\\\/cms\\\/\"},{\"@type\":\"ListItem\",\"position\":2,\"name\":\"STL GmbH mit cimoio auf der Learntec 2023\"}]},{\"@type\":\"WebSite\",\"@id\":\"https:\\\/\\\/www.stl-software.de\\\/cms\\\/#website\",\"url\":\"https:\\\/\\\/www.stl-software.de\\\/cms\\\/\",\"name\":\"STL GmbH\",\"description\":\"Die Firma, die das LMS cimoio entwickelt hat\",\"potentialAction\":[{\"@type\":\"SearchAction\",\"target\":{\"@type\":\"EntryPoint\",\"urlTemplate\":\"https:\\\/\\\/www.stl-software.de\\\/cms\\\/?s={search_term_string}\"},\"query-input\":{\"@type\":\"PropertyValueSpecification\",\"valueRequired\":true,\"valueName\":\"search_term_string\"}}],\"inLanguage\":\"de\"},{\"@type\":\"Person\",\"@id\":\"https:\\\/\\\/www.stl-software.de\\\/cms\\\/#\\\/schema\\\/person\\\/b397c26c477ee0788e09ab9340760f00\",\"name\":\"Lars Metze\",\"image\":{\"@type\":\"ImageObject\",\"inLanguage\":\"de\",\"@id\":\"https:\\\/\\\/secure.gravatar.com\\\/avatar\\\/b2799a070b7a1e68eeeba4d247162b9fd90f571bd321ae4e0e10e32531758eba?s=96&d=mm&r=g\",\"url\":\"https:\\\/\\\/secure.gravatar.com\\\/avatar\\\/b2799a070b7a1e68eeeba4d247162b9fd90f571bd321ae4e0e10e32531758eba?s=96&d=mm&r=g\",\"contentUrl\":\"https:\\\/\\\/secure.gravatar.com\\\/avatar\\\/b2799a070b7a1e68eeeba4d247162b9fd90f571bd321ae4e0e10e32531758eba?s=96&d=mm&r=g\",\"caption\":\"Lars Metze\"}}]}<\/script>\n<!-- \/ Yoast SEO plugin. -->","yoast_head_json":{"title":"STL GmbH mit cimoio auf der Learntec 2023 | Blog der STL GmbH","description":"STL GmbH mit cimoio auf der Learntec 2023! \ud83e\udd13 Wir zeigen unsere Trainings- & Learningmanagementsoftware in Halle 1 Stand C56 in Karlsruhe.","robots":{"index":"index","follow":"follow","max-snippet":"max-snippet:-1","max-image-preview":"max-image-preview:large","max-video-preview":"max-video-preview:-1"},"canonical":"https:\/\/www.stl-software.de\/cms\/stl-gmbh-mit-cimoio-auf-der-learntec-2023\/","og_locale":"de_DE","og_type":"article","og_title":"STL GmbH mit cimoio auf der Learntec 2023 | Blog der STL GmbH","og_description":"STL GmbH mit cimoio auf der Learntec 2023! \ud83e\udd13 Wir zeigen unsere Trainings- & Learningmanagementsoftware in Halle 1 Stand C56 in Karlsruhe.","og_url":"https:\/\/www.stl-software.de\/cms\/stl-gmbh-mit-cimoio-auf-der-learntec-2023\/","og_site_name":"STL GmbH","article_published_time":"2023-04-20T15:09:19+00:00","article_modified_time":"2025-07-09T12:55:40+00:00","og_image":[{"width":728,"height":90,"url":"https:\/\/www.stl-software.de\/cms\/wp-content\/uploads\/sites\/2\/2023\/04\/stlgmbh_Halle1-C56_LT_23_Banner-fuer-Webseiten_728x90.png","type":"image\/png"}],"author":"Lars Metze","twitter_card":"summary_large_image","schema":{"@context":"https:\/\/schema.org","@graph":[{"@type":"Article","@id":"https:\/\/www.stl-software.de\/cms\/stl-gmbh-mit-cimoio-auf-der-learntec-2023\/#article","isPartOf":{"@id":"https:\/\/www.stl-software.de\/cms\/stl-gmbh-mit-cimoio-auf-der-learntec-2023\/"},"author":{"name":"Lars Metze","@id":"https:\/\/www.stl-software.de\/cms\/#\/schema\/person\/b397c26c477ee0788e09ab9340760f00"},"headline":"STL GmbH mit cimoio auf der Learntec 2023","datePublished":"2023-04-20T15:09:19+00:00","dateModified":"2025-07-09T12:55:40+00:00","mainEntityOfPage":{"@id":"https:\/\/www.stl-software.de\/cms\/stl-gmbh-mit-cimoio-auf-der-learntec-2023\/"},"wordCount":2229,"image":{"@id":"https:\/\/www.stl-software.de\/cms\/stl-gmbh-mit-cimoio-auf-der-learntec-2023\/#primaryimage"},"thumbnailUrl":"https:\/\/www.stl-software.de\/cms\/wp-content\/uploads\/sites\/2\/2023\/04\/stlgmbh_Halle1-C56_LT_23_Banner-fuer-Webseiten_728x90.png","keywords":["2023","Learntec"],"articleSection":["Learntec","Messe"],"inLanguage":"de"},{"@type":"WebPage","@id":"https:\/\/www.stl-software.de\/cms\/stl-gmbh-mit-cimoio-auf-der-learntec-2023\/","url":"https:\/\/www.stl-software.de\/cms\/stl-gmbh-mit-cimoio-auf-der-learntec-2023\/","name":"STL GmbH mit cimoio auf der Learntec 2023 | Blog der STL GmbH","isPartOf":{"@id":"https:\/\/www.stl-software.de\/cms\/#website"},"primaryImageOfPage":{"@id":"https:\/\/www.stl-software.de\/cms\/stl-gmbh-mit-cimoio-auf-der-learntec-2023\/#primaryimage"},"image":{"@id":"https:\/\/www.stl-software.de\/cms\/stl-gmbh-mit-cimoio-auf-der-learntec-2023\/#primaryimage"},"thumbnailUrl":"https:\/\/www.stl-software.de\/cms\/wp-content\/uploads\/sites\/2\/2023\/04\/stlgmbh_Halle1-C56_LT_23_Banner-fuer-Webseiten_728x90.png","datePublished":"2023-04-20T15:09:19+00:00","dateModified":"2025-07-09T12:55:40+00:00","author":{"@id":"https:\/\/www.stl-software.de\/cms\/#\/schema\/person\/b397c26c477ee0788e09ab9340760f00"},"description":"STL GmbH mit cimoio auf der Learntec 2023! \ud83e\udd13 Wir zeigen unsere Trainings- & Learningmanagementsoftware in Halle 1 Stand C56 in Karlsruhe.","breadcrumb":{"@id":"https:\/\/www.stl-software.de\/cms\/stl-gmbh-mit-cimoio-auf-der-learntec-2023\/#breadcrumb"},"inLanguage":"de","potentialAction":[{"@type":"ReadAction","target":["https:\/\/www.stl-software.de\/cms\/stl-gmbh-mit-cimoio-auf-der-learntec-2023\/"]}]},{"@type":"ImageObject","inLanguage":"de","@id":"https:\/\/www.stl-software.de\/cms\/stl-gmbh-mit-cimoio-auf-der-learntec-2023\/#primaryimage","url":"https:\/\/www.stl-software.de\/cms\/wp-content\/uploads\/sites\/2\/2023\/04\/stlgmbh_Halle1-C56_LT_23_Banner-fuer-Webseiten_728x90.png","contentUrl":"https:\/\/www.stl-software.de\/cms\/wp-content\/uploads\/sites\/2\/2023\/04\/stlgmbh_Halle1-C56_LT_23_Banner-fuer-Webseiten_728x90.png","width":728,"height":90,"caption":"Werbebanner der Learntec 2023 mit Informationen dar\u00fcber, wo man den Stand der STL GmbH findet: in Halle 1, Stand C56"},{"@type":"BreadcrumbList","@id":"https:\/\/www.stl-software.de\/cms\/stl-gmbh-mit-cimoio-auf-der-learntec-2023\/#breadcrumb","itemListElement":[{"@type":"ListItem","position":1,"name":"Startseite","item":"https:\/\/www.stl-software.de\/cms\/"},{"@type":"ListItem","position":2,"name":"STL GmbH mit cimoio auf der Learntec 2023"}]},{"@type":"WebSite","@id":"https:\/\/www.stl-software.de\/cms\/#website","url":"https:\/\/www.stl-software.de\/cms\/","name":"STL GmbH","description":"Die Firma, die das LMS cimoio entwickelt hat","potentialAction":[{"@type":"SearchAction","target":{"@type":"EntryPoint","urlTemplate":"https:\/\/www.stl-software.de\/cms\/?s={search_term_string}"},"query-input":{"@type":"PropertyValueSpecification","valueRequired":true,"valueName":"search_term_string"}}],"inLanguage":"de"},{"@type":"Person","@id":"https:\/\/www.stl-software.de\/cms\/#\/schema\/person\/b397c26c477ee0788e09ab9340760f00","name":"Lars Metze","image":{"@type":"ImageObject","inLanguage":"de","@id":"https:\/\/secure.gravatar.com\/avatar\/b2799a070b7a1e68eeeba4d247162b9fd90f571bd321ae4e0e10e32531758eba?s=96&d=mm&r=g","url":"https:\/\/secure.gravatar.com\/avatar\/b2799a070b7a1e68eeeba4d247162b9fd90f571bd321ae4e0e10e32531758eba?s=96&d=mm&r=g","contentUrl":"https:\/\/secure.gravatar.com\/avatar\/b2799a070b7a1e68eeeba4d247162b9fd90f571bd321ae4e0e10e32531758eba?s=96&d=mm&r=g","caption":"Lars Metze"}}]}},"_links":{"self":[{"href":"https:\/\/www.stl-software.de\/cms\/wp-json\/wp\/v2\/posts\/1369","targetHints":{"allow":["GET"]}}],"collection":[{"href":"https:\/\/www.stl-software.de\/cms\/wp-json\/wp\/v2\/posts"}],"about":[{"href":"https:\/\/www.stl-software.de\/cms\/wp-json\/wp\/v2\/types\/post"}],"author":[{"embeddable":true,"href":"https:\/\/www.stl-software.de\/cms\/wp-json\/wp\/v2\/users\/3"}],"replies":[{"embeddable":true,"href":"https:\/\/www.stl-software.de\/cms\/wp-json\/wp\/v2\/comments?post=1369"}],"version-history":[{"count":25,"href":"https:\/\/www.stl-software.de\/cms\/wp-json\/wp\/v2\/posts\/1369\/revisions"}],"predecessor-version":[{"id":1575,"href":"https:\/\/www.stl-software.de\/cms\/wp-json\/wp\/v2\/posts\/1369\/revisions\/1575"}],"wp:featuredmedia":[{"embeddable":true,"href":"https:\/\/www.stl-software.de\/cms\/wp-json\/wp\/v2\/media\/1416"}],"wp:attachment":[{"href":"https:\/\/www.stl-software.de\/cms\/wp-json\/wp\/v2\/media?parent=1369"}],"wp:term":[{"taxonomy":"category","embeddable":true,"href":"https:\/\/www.stl-software.de\/cms\/wp-json\/wp\/v2\/categories?post=1369"},{"taxonomy":"post_tag","embeddable":true,"href":"https:\/\/www.stl-software.de\/cms\/wp-json\/wp\/v2\/tags?post=1369"}],"curies":[{"name":"wp","href":"https:\/\/api.w.org\/{rel}","templated":true}]}}